{"id":234,"date":"2022-12-12T13:00:00","date_gmt":"2022-12-12T12:00:00","guid":{"rendered":"https:\/\/test.therapiekletterwand.eu\/?p=234"},"modified":"2026-04-10T10:31:23","modified_gmt":"2026-04-10T08:31:23","slug":"auswahl-von-2022-realisierten-projekten-von-wien-bis-ins-wallis","status":"publish","type":"post","link":"https:\/\/therapiekletterwand.eu\/en\/auswahl-von-2022-realisierten-projekten-von-wien-bis-ins-wallis\/","title":{"rendered":"Auswahl von 2022 realisierten Projekten von Wien bis ins Wallis"},"content":{"rendered":"<p>Hier eine kleine Collage von Projekten die wir dieses Jahr schon realisiert haben. Mit dem Bau von Doppelkippw\u00e4nden mit Deckenpaneel, ganzen Trainingsr\u00e4umen, Paneelen mit Deckenschienen f\u00fcr die Ergotherapie, Tensionboard mit Deckenpaneel bis zu unseren \u00fcblichen Kippw\u00e4nden mit und ohne Fu\u00dfteil f\u00fcr Physio&amp;Ergo Praxen in Deutschland, der Schweiz und \u00d6sterreich konnten wir wieder auf die verschiedenen Anforderungen unserer Kunden eingehen.<\/p>\n\n\n\n<p>Viel Spa\u00df beim Trainieren und viel Erfolg bei der Arbeit mit unseren Produkten!<\/p>","protected":false},"excerpt":{"rendered":"<p>Hier eine kleine Collage von Projekten die wir dieses Jahr schon realisiert haben. Mit dem Bau von Doppelkippw\u00e4nden mit Deckenpaneel, ganzen Trainingsr\u00e4umen, Paneelen mit Deckenschienen f\u00fcr die Ergotherapie, Tensionboard mit Deckenpaneel bis zu unseren \u00fcblichen Kippw\u00e4nden mit und ohne Fu\u00dfteil f\u00fcr Physio&amp;Ergo Praxen in Deutschland, der Schweiz und \u00d6sterreich konnten wir wieder auf die verschiedenen [&hellip;]<\/p>\n","protected":false},"author":2,"featured_media":233,"comment_status":"closed","ping_status":"open","sticky":false,"template":"","format":"standard","meta":{"ocean_post_layout":"","ocean_both_sidebars_style":"","ocean_both_sidebars_content_width":0,"ocean_both_sidebars_sidebars_width":0,"ocean_sidebar":"","ocean_second_sidebar":"","ocean_disable_margins":"enable","ocean_add_body_class":"","ocean_shortcode_before_top_bar":"","ocean_shortcode_after_top_bar":"","ocean_shortcode_before_header":"","ocean_shortcode_after_header":"","ocean_has_shortcode":"","ocean_shortcode_after_title":"","ocean_shortcode_before_footer_widgets":"","ocean_shortcode_after_footer_widgets":"","ocean_shortcode_before_footer_bottom":"","ocean_shortcode_after_footer_bottom":"","ocean_display_top_bar":"default","ocean_display_header":"default","ocean_header_style":"","ocean_center_header_left_menu":"","ocean_custom_header_template":"","ocean_custom_logo":0,"ocean_custom_retina_logo":0,"ocean_custom_logo_max_width":0,"ocean_custom_logo_tablet_max_width":0,"ocean_custom_logo_mobile_max_width":0,"ocean_custom_logo_max_height":0,"ocean_custom_logo_tablet_max_height":0,"ocean_custom_logo_mobile_max_height":0,"ocean_header_custom_menu":"","ocean_menu_typo_font_family":"","ocean_menu_typo_font_subset":"","ocean_menu_typo_font_size":0,"ocean_menu_typo_font_size_tablet":0,"ocean_menu_typo_font_size_mobile":0,"ocean_menu_typo_font_size_unit":"px","ocean_menu_typo_font_weight":"","ocean_menu_typo_font_weight_tablet":"","ocean_menu_typo_font_weight_mobile":"","ocean_menu_typo_transform":"","ocean_menu_typo_transform_tablet":"","ocean_menu_typo_transform_mobile":"","ocean_menu_typo_line_height":0,"ocean_menu_typo_line_height_tablet":0,"ocean_menu_typo_line_height_mobile":0,"ocean_menu_typo_line_height_unit":"","ocean_menu_typo_spacing":0,"ocean_menu_typo_spacing_tablet":0,"ocean_menu_typo_spacing_mobile":0,"ocean_menu_typo_spacing_unit":"","ocean_menu_link_color":"","ocean_menu_link_color_hover":"","ocean_menu_link_color_active":"","ocean_menu_link_background":"","ocean_menu_link_hover_background":"","ocean_menu_link_active_background":"","ocean_menu_social_links_bg":"","ocean_menu_social_hover_links_bg":"","ocean_menu_social_links_color":"","ocean_menu_social_hover_links_color":"","ocean_disable_title":"default","ocean_disable_heading":"default","ocean_post_title":"","ocean_post_subheading":"","ocean_post_title_style":"","ocean_post_title_background_color":"","ocean_post_title_background":0,"ocean_post_title_bg_image_position":"","ocean_post_title_bg_image_attachment":"","ocean_post_title_bg_image_repeat":"","ocean_post_title_bg_image_size":"","ocean_post_title_height":0,"ocean_post_title_bg_overlay":0.5,"ocean_post_title_bg_overlay_color":"","ocean_disable_breadcrumbs":"default","ocean_breadcrumbs_color":"","ocean_breadcrumbs_separator_color":"","ocean_breadcrumbs_links_color":"","ocean_breadcrumbs_links_hover_color":"","ocean_display_footer_widgets":"default","ocean_display_footer_bottom":"default","ocean_custom_footer_template":"","ocean_post_oembed":"","ocean_post_self_hosted_media":"","ocean_post_video_embed":"","ocean_link_format":"","ocean_link_format_target":"self","ocean_quote_format":"","ocean_quote_format_link":"post","ocean_gallery_link_images":"on","ocean_gallery_id":[],"footnotes":""},"categories":[1],"tags":[],"class_list":["post-234","post","type-post","status-publish","format-standard","has-post-thumbnail","hentry","category-allgemein","entry","has-media","owp-thumbs-layout-horizontal","owp-btn-normal","owp-tabs-layout-section","has-no-thumbnails"],"yoast_head":"<!-- This site is optimized with the Yoast SEO plugin v27.5 - https:\/\/yoast.com\/product\/yoast-seo-wordpress\/ -->\n<title>Realisierte Projekte von Wien bis ins Wallis - therapiekletterwand.eu<\/title>\n<meta name=\"description\" content=\"Hier eine kleine Collage von Projekten und Kletterw\u00e4nden die wir dieses Jahr realisiert haben. In Deutschland, der Schweiz und \u00d6sterreich.\" \/>\n<meta name=\"robots\" content=\"index, follow, max-snippet:-1, max-image-preview:large, max-video-preview:-1\" \/>\n<link rel=\"canonical\" href=\"https:\/\/therapiekletterwand.eu\/en\/auswahl-von-2022-realisierten-projekten-von-wien-bis-ins-wallis\/\" \/>\n<meta property=\"og:locale\" content=\"en_GB\" \/>\n<meta property=\"og:type\" content=\"article\" \/>\n<meta property=\"og:title\" content=\"Realisierte Projekte von Wien bis ins Wallis - therapiekletterwand.eu\" \/>\n<meta property=\"og:description\" content=\"Hier eine kleine Collage von Projekten und Kletterw\u00e4nden die wir dieses Jahr realisiert haben. In Deutschland, der Schweiz und \u00d6sterreich.\" \/>\n<meta property=\"og:url\" content=\"https:\/\/therapiekletterwand.eu\/en\/auswahl-von-2022-realisierten-projekten-von-wien-bis-ins-wallis\/\" \/>\n<meta property=\"og:site_name\" content=\"therapiekletterwand.eu\" \/>\n<meta property=\"article:publisher\" content=\"https:\/\/www.facebook.com\/therapiekletterwand.eu\" \/>\n<meta property=\"article:published_time\" content=\"2022-12-12T12:00:00+00:00\" \/>\n<meta property=\"article:modified_time\" content=\"2026-04-10T08:31:23+00:00\" \/>\n<meta property=\"og:image\" content=\"https:\/\/therapiekletterwand.eu\/wp-content\/uploads\/2023\/09\/projekte_bis_092022.png\" \/>\n\t<meta property=\"og:image:width\" content=\"500\" \/>\n\t<meta property=\"og:image:height\" content=\"500\" \/>\n\t<meta property=\"og:image:type\" content=\"image\/png\" \/>\n<meta name=\"author\" content=\"Robert Roithinger\" \/>\n<meta name=\"twitter:card\" content=\"summary_large_image\" \/>\n<meta name=\"twitter:label1\" content=\"Written by\" \/>\n\t<meta name=\"twitter:data1\" content=\"Robert Roithinger\" \/>\n\t<meta name=\"twitter:label2\" content=\"Estimated reading time\" \/>\n\t<meta name=\"twitter:data2\" content=\"1 minute\" \/>\n<script type=\"application\/ld+json\" class=\"yoast-schema-graph\">{\"@context\":\"https:\\\/\\\/schema.org\",\"@graph\":[{\"@type\":\"Article\",\"@id\":\"https:\\\/\\\/therapiekletterwand.eu\\\/auswahl-von-2022-realisierten-projekten-von-wien-bis-ins-wallis\\\/#article\",\"isPartOf\":{\"@id\":\"https:\\\/\\\/therapiekletterwand.eu\\\/auswahl-von-2022-realisierten-projekten-von-wien-bis-ins-wallis\\\/\"},\"author\":{\"name\":\"Robert Roithinger\",\"@id\":\"https:\\\/\\\/therapiekletterwand.eu\\\/#\\\/schema\\\/person\\\/2c8c166fdc99d6196877723545c8cfd5\"},\"headline\":\"Auswahl von 2022 realisierten Projekten von Wien bis ins Wallis\",\"datePublished\":\"2022-12-12T12:00:00+00:00\",\"dateModified\":\"2026-04-10T08:31:23+00:00\",\"mainEntityOfPage\":{\"@id\":\"https:\\\/\\\/therapiekletterwand.eu\\\/auswahl-von-2022-realisierten-projekten-von-wien-bis-ins-wallis\\\/\"},\"wordCount\":89,\"publisher\":{\"@id\":\"https:\\\/\\\/therapiekletterwand.eu\\\/#organization\"},\"image\":{\"@id\":\"https:\\\/\\\/therapiekletterwand.eu\\\/auswahl-von-2022-realisierten-projekten-von-wien-bis-ins-wallis\\\/#primaryimage\"},\"thumbnailUrl\":\"https:\\\/\\\/therapiekletterwand.eu\\\/wp-content\\\/uploads\\\/2023\\\/09\\\/projekte_bis_092022.png\",\"articleSection\":[\"Allgemein\"],\"inLanguage\":\"en-GB\"},{\"@type\":\"WebPage\",\"@id\":\"https:\\\/\\\/therapiekletterwand.eu\\\/auswahl-von-2022-realisierten-projekten-von-wien-bis-ins-wallis\\\/\",\"url\":\"https:\\\/\\\/therapiekletterwand.eu\\\/auswahl-von-2022-realisierten-projekten-von-wien-bis-ins-wallis\\\/\",\"name\":\"Realisierte Projekte von Wien bis ins Wallis - therapiekletterwand.eu\",\"isPartOf\":{\"@id\":\"https:\\\/\\\/therapiekletterwand.eu\\\/#website\"},\"primaryImageOfPage\":{\"@id\":\"https:\\\/\\\/therapiekletterwand.eu\\\/auswahl-von-2022-realisierten-projekten-von-wien-bis-ins-wallis\\\/#primaryimage\"},\"image\":{\"@id\":\"https:\\\/\\\/therapiekletterwand.eu\\\/auswahl-von-2022-realisierten-projekten-von-wien-bis-ins-wallis\\\/#primaryimage\"},\"thumbnailUrl\":\"https:\\\/\\\/therapiekletterwand.eu\\\/wp-content\\\/uploads\\\/2023\\\/09\\\/projekte_bis_092022.png\",\"datePublished\":\"2022-12-12T12:00:00+00:00\",\"dateModified\":\"2026-04-10T08:31:23+00:00\",\"description\":\"Hier eine kleine Collage von Projekten und Kletterw\u00e4nden die wir dieses Jahr realisiert haben. In Deutschland, der Schweiz und \u00d6sterreich.\",\"breadcrumb\":{\"@id\":\"https:\\\/\\\/therapiekletterwand.eu\\\/auswahl-von-2022-realisierten-projekten-von-wien-bis-ins-wallis\\\/#breadcrumb\"},\"inLanguage\":\"en-GB\",\"potentialAction\":[{\"@type\":\"ReadAction\",\"target\":[\"https:\\\/\\\/therapiekletterwand.eu\\\/auswahl-von-2022-realisierten-projekten-von-wien-bis-ins-wallis\\\/\"]}]},{\"@type\":\"ImageObject\",\"inLanguage\":\"en-GB\",\"@id\":\"https:\\\/\\\/therapiekletterwand.eu\\\/auswahl-von-2022-realisierten-projekten-von-wien-bis-ins-wallis\\\/#primaryimage\",\"url\":\"https:\\\/\\\/therapiekletterwand.eu\\\/wp-content\\\/uploads\\\/2023\\\/09\\\/projekte_bis_092022.png\",\"contentUrl\":\"https:\\\/\\\/therapiekletterwand.eu\\\/wp-content\\\/uploads\\\/2023\\\/09\\\/projekte_bis_092022.png\",\"width\":500,\"height\":500},{\"@type\":\"BreadcrumbList\",\"@id\":\"https:\\\/\\\/therapiekletterwand.eu\\\/auswahl-von-2022-realisierten-projekten-von-wien-bis-ins-wallis\\\/#breadcrumb\",\"itemListElement\":[{\"@type\":\"ListItem\",\"position\":1,\"name\":\"Startseite\",\"item\":\"https:\\\/\\\/therapiekletterwand.eu\\\/\"},{\"@type\":\"ListItem\",\"position\":2,\"name\":\"Auswahl von 2022 realisierten Projekten von Wien bis ins Wallis\"}]},{\"@type\":\"WebSite\",\"@id\":\"https:\\\/\\\/therapiekletterwand.eu\\\/#website\",\"url\":\"https:\\\/\\\/therapiekletterwand.eu\\\/\",\"name\":\"therapiekletterwand.eu\",\"description\":\"Kletterw\u00e4nde\",\"publisher\":{\"@id\":\"https:\\\/\\\/therapiekletterwand.eu\\\/#organization\"},\"alternateName\":\"Kletterw\u00e4nde - Robert Roithinger\",\"potentialAction\":[{\"@type\":\"SearchAction\",\"target\":{\"@type\":\"EntryPoint\",\"urlTemplate\":\"https:\\\/\\\/therapiekletterwand.eu\\\/?s={search_term_string}\"},\"query-input\":{\"@type\":\"PropertyValueSpecification\",\"valueRequired\":true,\"valueName\":\"search_term_string\"}}],\"inLanguage\":\"en-GB\"},{\"@type\":\"Organization\",\"@id\":\"https:\\\/\\\/therapiekletterwand.eu\\\/#organization\",\"name\":\"therapiekletterwand.eu\",\"url\":\"https:\\\/\\\/therapiekletterwand.eu\\\/\",\"logo\":{\"@type\":\"ImageObject\",\"inLanguage\":\"en-GB\",\"@id\":\"https:\\\/\\\/therapiekletterwand.eu\\\/#\\\/schema\\\/logo\\\/image\\\/\",\"url\":\"https:\\\/\\\/therapiekletterwand.eu\\\/wp-content\\\/uploads\\\/2023\\\/10\\\/logo-therapiekletterwand.png\",\"contentUrl\":\"https:\\\/\\\/therapiekletterwand.eu\\\/wp-content\\\/uploads\\\/2023\\\/10\\\/logo-therapiekletterwand.png\",\"width\":300,\"height\":342,\"caption\":\"therapiekletterwand.eu\"},\"image\":{\"@id\":\"https:\\\/\\\/therapiekletterwand.eu\\\/#\\\/schema\\\/logo\\\/image\\\/\"},\"sameAs\":[\"https:\\\/\\\/www.facebook.com\\\/therapiekletterwand.eu\",\"https:\\\/\\\/www.instagram.com\\\/therapiekletterwand.eu\\\/\"]},{\"@type\":\"Person\",\"@id\":\"https:\\\/\\\/therapiekletterwand.eu\\\/#\\\/schema\\\/person\\\/2c8c166fdc99d6196877723545c8cfd5\",\"name\":\"Robert Roithinger\"}]}<\/script>\n<!-- \/ Yoast SEO plugin. -->","yoast_head_json":{"title":"Realisierte Projekte von Wien bis ins Wallis - therapiekletterwand.eu","description":"Hier eine kleine Collage von Projekten und Kletterw\u00e4nden die wir dieses Jahr realisiert haben. In Deutschland, der Schweiz und \u00d6sterreich.","robots":{"index":"index","follow":"follow","max-snippet":"max-snippet:-1","max-image-preview":"max-image-preview:large","max-video-preview":"max-video-preview:-1"},"canonical":"https:\/\/therapiekletterwand.eu\/en\/auswahl-von-2022-realisierten-projekten-von-wien-bis-ins-wallis\/","og_locale":"en_GB","og_type":"article","og_title":"Realisierte Projekte von Wien bis ins Wallis - therapiekletterwand.eu","og_description":"Hier eine kleine Collage von Projekten und Kletterw\u00e4nden die wir dieses Jahr realisiert haben. In Deutschland, der Schweiz und \u00d6sterreich.","og_url":"https:\/\/therapiekletterwand.eu\/en\/auswahl-von-2022-realisierten-projekten-von-wien-bis-ins-wallis\/","og_site_name":"therapiekletterwand.eu","article_publisher":"https:\/\/www.facebook.com\/therapiekletterwand.eu","article_published_time":"2022-12-12T12:00:00+00:00","article_modified_time":"2026-04-10T08:31:23+00:00","og_image":[{"width":500,"height":500,"url":"https:\/\/therapiekletterwand.eu\/wp-content\/uploads\/2023\/09\/projekte_bis_092022.png","type":"image\/png"}],"author":"Robert Roithinger","twitter_card":"summary_large_image","twitter_misc":{"Written by":"Robert Roithinger","Estimated reading time":"1 minute"},"schema":{"@context":"https:\/\/schema.org","@graph":[{"@type":"Article","@id":"https:\/\/therapiekletterwand.eu\/auswahl-von-2022-realisierten-projekten-von-wien-bis-ins-wallis\/#article","isPartOf":{"@id":"https:\/\/therapiekletterwand.eu\/auswahl-von-2022-realisierten-projekten-von-wien-bis-ins-wallis\/"},"author":{"name":"Robert Roithinger","@id":"https:\/\/therapiekletterwand.eu\/#\/schema\/person\/2c8c166fdc99d6196877723545c8cfd5"},"headline":"Auswahl von 2022 realisierten Projekten von Wien bis ins Wallis","datePublished":"2022-12-12T12:00:00+00:00","dateModified":"2026-04-10T08:31:23+00:00","mainEntityOfPage":{"@id":"https:\/\/therapiekletterwand.eu\/auswahl-von-2022-realisierten-projekten-von-wien-bis-ins-wallis\/"},"wordCount":89,"publisher":{"@id":"https:\/\/therapiekletterwand.eu\/#organization"},"image":{"@id":"https:\/\/therapiekletterwand.eu\/auswahl-von-2022-realisierten-projekten-von-wien-bis-ins-wallis\/#primaryimage"},"thumbnailUrl":"https:\/\/therapiekletterwand.eu\/wp-content\/uploads\/2023\/09\/projekte_bis_092022.png","articleSection":["Allgemein"],"inLanguage":"en-GB"},{"@type":"WebPage","@id":"https:\/\/therapiekletterwand.eu\/auswahl-von-2022-realisierten-projekten-von-wien-bis-ins-wallis\/","url":"https:\/\/therapiekletterwand.eu\/auswahl-von-2022-realisierten-projekten-von-wien-bis-ins-wallis\/","name":"Realisierte Projekte von Wien bis ins Wallis - therapiekletterwand.eu","isPartOf":{"@id":"https:\/\/therapiekletterwand.eu\/#website"},"primaryImageOfPage":{"@id":"https:\/\/therapiekletterwand.eu\/auswahl-von-2022-realisierten-projekten-von-wien-bis-ins-wallis\/#primaryimage"},"image":{"@id":"https:\/\/therapiekletterwand.eu\/auswahl-von-2022-realisierten-projekten-von-wien-bis-ins-wallis\/#primaryimage"},"thumbnailUrl":"https:\/\/therapiekletterwand.eu\/wp-content\/uploads\/2023\/09\/projekte_bis_092022.png","datePublished":"2022-12-12T12:00:00+00:00","dateModified":"2026-04-10T08:31:23+00:00","description":"Hier eine kleine Collage von Projekten und Kletterw\u00e4nden die wir dieses Jahr realisiert haben. In Deutschland, der Schweiz und \u00d6sterreich.","breadcrumb":{"@id":"https:\/\/therapiekletterwand.eu\/auswahl-von-2022-realisierten-projekten-von-wien-bis-ins-wallis\/#breadcrumb"},"inLanguage":"en-GB","potentialAction":[{"@type":"ReadAction","target":["https:\/\/therapiekletterwand.eu\/auswahl-von-2022-realisierten-projekten-von-wien-bis-ins-wallis\/"]}]},{"@type":"ImageObject","inLanguage":"en-GB","@id":"https:\/\/therapiekletterwand.eu\/auswahl-von-2022-realisierten-projekten-von-wien-bis-ins-wallis\/#primaryimage","url":"https:\/\/therapiekletterwand.eu\/wp-content\/uploads\/2023\/09\/projekte_bis_092022.png","contentUrl":"https:\/\/therapiekletterwand.eu\/wp-content\/uploads\/2023\/09\/projekte_bis_092022.png","width":500,"height":500},{"@type":"BreadcrumbList","@id":"https:\/\/therapiekletterwand.eu\/auswahl-von-2022-realisierten-projekten-von-wien-bis-ins-wallis\/#breadcrumb","itemListElement":[{"@type":"ListItem","position":1,"name":"Startseite","item":"https:\/\/therapiekletterwand.eu\/"},{"@type":"ListItem","position":2,"name":"Auswahl von 2022 realisierten Projekten von Wien bis ins Wallis"}]},{"@type":"WebSite","@id":"https:\/\/therapiekletterwand.eu\/#website","url":"https:\/\/therapiekletterwand.eu\/","name":"therapiekletterwand.eu","description":"Climbing Walls","publisher":{"@id":"https:\/\/therapiekletterwand.eu\/#organization"},"alternateName":"Kletterw\u00e4nde - Robert Roithinger","potentialAction":[{"@type":"SearchAction","target":{"@type":"EntryPoint","urlTemplate":"https:\/\/therapiekletterwand.eu\/?s={search_term_string}"},"query-input":{"@type":"PropertyValueSpecification","valueRequired":true,"valueName":"search_term_string"}}],"inLanguage":"en-GB"},{"@type":"Organization","@id":"https:\/\/therapiekletterwand.eu\/#organization","name":"therapiekletterwand.eu","url":"https:\/\/therapiekletterwand.eu\/","logo":{"@type":"ImageObject","inLanguage":"en-GB","@id":"https:\/\/therapiekletterwand.eu\/#\/schema\/logo\/image\/","url":"https:\/\/therapiekletterwand.eu\/wp-content\/uploads\/2023\/10\/logo-therapiekletterwand.png","contentUrl":"https:\/\/therapiekletterwand.eu\/wp-content\/uploads\/2023\/10\/logo-therapiekletterwand.png","width":300,"height":342,"caption":"therapiekletterwand.eu"},"image":{"@id":"https:\/\/therapiekletterwand.eu\/#\/schema\/logo\/image\/"},"sameAs":["https:\/\/www.facebook.com\/therapiekletterwand.eu","https:\/\/www.instagram.com\/therapiekletterwand.eu\/"]},{"@type":"Person","@id":"https:\/\/therapiekletterwand.eu\/#\/schema\/person\/2c8c166fdc99d6196877723545c8cfd5","name":"Robert Roithinger"}]}},"rttpg_featured_image_url":{"full":["https:\/\/therapiekletterwand.eu\/wp-content\/uploads\/2023\/09\/projekte_bis_092022.png",500,500,false],"landscape":["https:\/\/therapiekletterwand.eu\/wp-content\/uploads\/2023\/09\/projekte_bis_092022.png",500,500,false],"portraits":["https:\/\/therapiekletterwand.eu\/wp-content\/uploads\/2023\/09\/projekte_bis_092022.png",500,500,false],"thumbnail":["https:\/\/therapiekletterwand.eu\/wp-content\/uploads\/2023\/09\/projekte_bis_092022-150x150.png",150,150,true],"medium":["https:\/\/therapiekletterwand.eu\/wp-content\/uploads\/2023\/09\/projekte_bis_092022-300x300.png",300,300,true],"large":["https:\/\/therapiekletterwand.eu\/wp-content\/uploads\/2023\/09\/projekte_bis_092022.png",500,500,false],"1536x1536":["https:\/\/therapiekletterwand.eu\/wp-content\/uploads\/2023\/09\/projekte_bis_092022.png",500,500,false],"2048x2048":["https:\/\/therapiekletterwand.eu\/wp-content\/uploads\/2023\/09\/projekte_bis_092022.png",500,500,false],"trp-custom-language-flag":["https:\/\/therapiekletterwand.eu\/wp-content\/uploads\/2023\/09\/projekte_bis_092022.png",12,12,false],"ocean-thumb-m":["https:\/\/therapiekletterwand.eu\/wp-content\/uploads\/2023\/09\/projekte_bis_092022.png",500,500,false],"ocean-thumb-ml":["https:\/\/therapiekletterwand.eu\/wp-content\/uploads\/2023\/09\/projekte_bis_092022-500x450.png",500,450,true],"ocean-thumb-l":["https:\/\/therapiekletterwand.eu\/wp-content\/uploads\/2023\/09\/projekte_bis_092022.png",500,500,false],"woocommerce_thumbnail":["https:\/\/therapiekletterwand.eu\/wp-content\/uploads\/2023\/09\/projekte_bis_092022-300x300.png",300,300,true],"woocommerce_single":["https:\/\/therapiekletterwand.eu\/wp-content\/uploads\/2023\/09\/projekte_bis_092022.png",500,500,false],"woocommerce_gallery_thumbnail":["https:\/\/therapiekletterwand.eu\/wp-content\/uploads\/2023\/09\/projekte_bis_092022-100x100.png",100,100,true]},"rttpg_author":{"display_name":"Robert Roithinger","author_link":"https:\/\/therapiekletterwand.eu\/en\/author\/robert-roithinger\/"},"rttpg_comment":0,"rttpg_category":"<a href=\"https:\/\/therapiekletterwand.eu\/en\/category\/allgemein\/\" rel=\"category tag\">Allgemein<\/a>","rttpg_excerpt":"Hier eine kleine Collage von Projekten die wir dieses Jahr schon realisiert haben. Mit dem Bau von Doppelkippw\u00e4nden mit Deckenpaneel, ganzen Trainingsr\u00e4umen, Paneelen mit Deckenschienen f\u00fcr die Ergotherapie, Tensionboard mit Deckenpaneel bis zu unseren \u00fcblichen Kippw\u00e4nden mit und ohne Fu\u00dfteil f\u00fcr Physio&amp;Ergo Praxen in Deutschland, der Schweiz und \u00d6sterreich konnten wir wieder auf die verschiedenen&hellip;","_links":{"self":[{"href":"https:\/\/therapiekletterwand.eu\/en\/wp-json\/wp\/v2\/posts\/234","targetHints":{"allow":["GET"]}}],"collection":[{"href":"https:\/\/therapiekletterwand.eu\/en\/wp-json\/wp\/v2\/posts"}],"about":[{"href":"https:\/\/therapiekletterwand.eu\/en\/wp-json\/wp\/v2\/types\/post"}],"author":[{"embeddable":true,"href":"https:\/\/therapiekletterwand.eu\/en\/wp-json\/wp\/v2\/users\/2"}],"replies":[{"embeddable":true,"href":"https:\/\/therapiekletterwand.eu\/en\/wp-json\/wp\/v2\/comments?post=234"}],"version-history":[{"count":1,"href":"https:\/\/therapiekletterwand.eu\/en\/wp-json\/wp\/v2\/posts\/234\/revisions"}],"predecessor-version":[{"id":5324,"href":"https:\/\/therapiekletterwand.eu\/en\/wp-json\/wp\/v2\/posts\/234\/revisions\/5324"}],"wp:featuredmedia":[{"embeddable":true,"href":"https:\/\/therapiekletterwand.eu\/en\/wp-json\/wp\/v2\/media\/233"}],"wp:attachment":[{"href":"https:\/\/therapiekletterwand.eu\/en\/wp-json\/wp\/v2\/media?parent=234"}],"wp:term":[{"taxonomy":"category","embeddable":true,"href":"https:\/\/therapiekletterwand.eu\/en\/wp-json\/wp\/v2\/categories?post=234"},{"taxonomy":"post_tag","embeddable":true,"href":"https:\/\/therapiekletterwand.eu\/en\/wp-json\/wp\/v2\/tags?post=234"}],"curies":[{"name":"wp","href":"https:\/\/api.w.org\/{rel}","templated":true}]}}